{"id":1496,"date":"2015-07-11T20:19:42","date_gmt":"2015-07-11T20:19:42","guid":{"rendered":"http:\/\/alcierzo.com\/?p=1496"},"modified":"2015-09-15T21:07:57","modified_gmt":"2015-09-15T21:07:57","slug":"amantina-o-la-confianza","status":"publish","type":"post","link":"https:\/\/alcierzo.com\/?p=1496","title":{"rendered":"Amantina, o la confianza"},"content":{"rendered":"<p><a href=\"https:\/\/alcierzo.com\/wp-content\/uploads\/2015\/09\/DSC_1084.jpg\"><img loading=\"lazy\" decoding=\"async\" class=\"size-medium wp-image-1497 alignleft\" src=\"https:\/\/alcierzo.com\/wp-content\/uploads\/2015\/09\/DSC_1084-300x169.jpg\" alt=\"DSC_1084\" width=\"300\" height=\"169\" srcset=\"https:\/\/alcierzo.com\/wp-content\/uploads\/2015\/09\/DSC_1084-300x169.jpg 300w, https:\/\/alcierzo.com\/wp-content\/uploads\/2015\/09\/DSC_1084-250x141.jpg 250w, https:\/\/alcierzo.com\/wp-content\/uploads\/2015\/09\/DSC_1084-150x84.jpg 150w, https:\/\/alcierzo.com\/wp-content\/uploads\/2015\/09\/DSC_1084.jpg 800w\" sizes=\"auto, (max-width: 300px) 100vw, 300px\" \/><\/a>Amantina Dur\u00e1n forma, junto a\u00a0Natalio,\u00a0una de las familias m\u00e1s comprometidas con la parroquia y las fraternidades de la Transfiguraci\u00f3n.<\/p>\n<p>Pero ella, adem\u00e1s, aporta algo especial a la comunidad. Hace a\u00f1os que contrajo la enfermedad de Lyme,\u00a0provocada por la picadura de las garrapatas de los bosques de esta zona, que pasan as\u00ed una bacteria de los ciervos o los roedores al ser humano.<\/p>\n<p>Amantina lleva esta enfermedad que le provoca muchos dolores y fragilidad con gran paciencia y confianza en el Padre. En un rinc\u00f3n de su casa, como muchas familias de las fraternidades de la Transfiguraci\u00f3n, tiene un rinc\u00f3n de oraci\u00f3n y all\u00ed est\u00e1 la \u00abOraci\u00f3n del Abandono\u00bb de Carlos de Foucauld. La escribo aqu\u00ed en la versi\u00f3n que Bryan usaba, uni\u00e9ndome a la confianza de Amantina.<\/p>\n<p><strong>Oraci\u00f3n del Abandono<\/strong><\/p>\n<p><span style=\"color: #000000; font-family: Calibri;\">Padre m\u00edo,<br \/>\nme abandono a Ti.<br \/>\nHaz de m\u00ed lo que quieras.<br \/>\nPor todo lo que hagas de m\u00ed, te doy gracias.<br \/>\nEstoy dispuesto a todo,<br \/>\ntodo lo acepto,<br \/>\nCon tal de que tu voluntad se haga en m\u00ed<br \/>\ny en todas tus criaturas.<br \/>\nNo deseo nada m\u00e1s, Dios m\u00edo.<br \/>\nPongo mi alma entre tus manos.<br \/>\nTe la doy, Dios m\u00edo,<br \/>\ncon todo el amor de mi coraz\u00f3n<br \/>\nporque te amo<br \/>\ny es para m\u00ed una necesidad de amor<br \/>\nel darme,<br \/>\nel entregarme en tus manos,<br \/>\nsin medida,<br \/>\ncon infinita confianza,<br \/>\nporque\u00a0t\u00fa eres mi Padre.<\/span><\/p>\n<p>&nbsp;<\/p>\n<p><a href=\"https:\/\/alcierzo.com\/wp-content\/uploads\/2015\/09\/DSC_1094.jpg\"><img loading=\"lazy\" decoding=\"async\" class=\"alignnone size-medium wp-image-1498\" src=\"https:\/\/alcierzo.com\/wp-content\/uploads\/2015\/09\/DSC_1094-300x169.jpg\" alt=\"DSC_1094\" width=\"300\" height=\"169\" srcset=\"https:\/\/alcierzo.com\/wp-content\/uploads\/2015\/09\/DSC_1094-300x169.jpg 300w, https:\/\/alcierzo.com\/wp-content\/uploads\/2015\/09\/DSC_1094-250x141.jpg 250w, https:\/\/alcierzo.com\/wp-content\/uploads\/2015\/09\/DSC_1094-150x84.jpg 150w, https:\/\/alcierzo.com\/wp-content\/uploads\/2015\/09\/DSC_1094.jpg 800w\" sizes=\"auto, (max-width: 300px) 100vw, 300px\" \/><\/a><\/p>\n","protected":false},"excerpt":{"rendered":"<p>Amantina Dur\u00e1n forma, junto a\u00a0Natalio,\u00a0una de las familias m\u00e1s comprometidas con la parroquia y las fraternidades de la Transfiguraci\u00f3n. Pero ella, adem\u00e1s, aporta algo especial a la comunidad. Hace a\u00f1os que contrajo la enfermedad de Lyme,\u00a0provocada por la picadura de las garrapatas de los bosques de esta zona, que pasan as\u00ed una bacteria de los ciervos o los roedores al ser humano. Amantina lleva esta enfermedad que le provoca muchos dolores y fragilidad con gran paciencia y confianza en el Padre. En un rinc\u00f3n de su casa, como muchas familias de las fraternidades de la Transfiguraci\u00f3n, tiene un rinc\u00f3n de\u2026 <a class=\"continue-reading-link\" href=\"https:\/\/alcierzo.com\/?p=1496\">Seguir leyendo&#8230;<\/a><\/p>\n","protected":false},"author":2,"featured_media":0,"comment_status":"open","ping_status":"open","sticky":false,"template":"","format":"standard","meta":{"_jetpack_memberships_contains_paid_content":false,"footnotes":"","jetpack_publicize_message":"","jetpack_publicize_feature_enabled":true,"jetpack_social_post_already_shared":false,"jetpack_social_options":{"image_generator_settings":{"template":"highway","default_image_id":0,"font":"","enabled":false},"version":2}},"categories":[142,194,171,189,126],"tags":[254,177,172,255,253],"class_list":["post-1496","post","type-post","status-publish","format-standard","hentry","category-brooklyn","category-discipulado","category-espiritualidad","category-hermanitos-de-jesus","category-transfiguracion","tag-amantina-duran","tag-bryan-karvelis","tag-carlos-de-foucauld","tag-fe","tag-oracion-del-abandono"],"jetpack_publicize_connections":[],"jetpack_featured_media_url":"","jetpack_sharing_enabled":true,"post_mailing_queue_ids":[],"_links":{"self":[{"href":"https:\/\/alcierzo.com\/index.php?rest_route=\/wp\/v2\/posts\/1496","targetHints":{"allow":["GET"]}}],"collection":[{"href":"https:\/\/alcierzo.com\/index.php?rest_route=\/wp\/v2\/posts"}],"about":[{"href":"https:\/\/alcierzo.com\/index.php?rest_route=\/wp\/v2\/types\/post"}],"author":[{"embeddable":true,"href":"https:\/\/alcierzo.com\/index.php?rest_route=\/wp\/v2\/users\/2"}],"replies":[{"embeddable":true,"href":"https:\/\/alcierzo.com\/index.php?rest_route=%2Fwp%2Fv2%2Fcomments&post=1496"}],"version-history":[{"count":2,"href":"https:\/\/alcierzo.com\/index.php?rest_route=\/wp\/v2\/posts\/1496\/revisions"}],"predecessor-version":[{"id":1500,"href":"https:\/\/alcierzo.com\/index.php?rest_route=\/wp\/v2\/posts\/1496\/revisions\/1500"}],"wp:attachment":[{"href":"https:\/\/alcierzo.com\/index.php?rest_route=%2Fwp%2Fv2%2Fmedia&parent=1496"}],"wp:term":[{"taxonomy":"category","embeddable":true,"href":"https:\/\/alcierzo.com\/index.php?rest_route=%2Fwp%2Fv2%2Fcategories&post=1496"},{"taxonomy":"post_tag","embeddable":true,"href":"https:\/\/alcierzo.com\/index.php?rest_route=%2Fwp%2Fv2%2Ftags&post=1496"}],"curies":[{"name":"wp","href":"https:\/\/api.w.org\/{rel}","templated":true}]}}