{"id":1610,"date":"2015-11-26T22:44:35","date_gmt":"2015-11-26T22:44:35","guid":{"rendered":"http:\/\/alcierzo.com\/?p=1610"},"modified":"2015-11-27T17:21:50","modified_gmt":"2015-11-27T17:21:50","slug":"esperanzarte-2015","status":"publish","type":"post","link":"https:\/\/alcierzo.com\/?p=1610","title":{"rendered":"EsperanzARTE 2015"},"content":{"rendered":"<p><a href=\"https:\/\/alcierzo.com\/wp-content\/uploads\/2015\/11\/2015_11_13_9228JYS.jpg\"><img loading=\"lazy\" decoding=\"async\" class=\"size-medium wp-image-1611 alignleft\" src=\"https:\/\/alcierzo.com\/wp-content\/uploads\/2015\/11\/2015_11_13_9228JYS-300x199.jpg\" alt=\"????????????????????????????????????\" width=\"300\" height=\"199\" srcset=\"https:\/\/alcierzo.com\/wp-content\/uploads\/2015\/11\/2015_11_13_9228JYS-300x199.jpg 300w, https:\/\/alcierzo.com\/wp-content\/uploads\/2015\/11\/2015_11_13_9228JYS-226x150.jpg 226w, https:\/\/alcierzo.com\/wp-content\/uploads\/2015\/11\/2015_11_13_9228JYS-150x100.jpg 150w, https:\/\/alcierzo.com\/wp-content\/uploads\/2015\/11\/2015_11_13_9228JYS.jpg 800w\" sizes=\"auto, (max-width: 300px) 100vw, 300px\" \/><\/a><\/p>\n<p class=\"wp-caption-dd\">Hemos acabado los \u00faltimos conciertos del Festival EsperanzARTE 2015, en los que hemos podido cantar ante m\u00e1s de dos mil personas en la c\u00e1rcel de Zuera, en colegios de Huesca, y en las parroquias de Ballobar y Zaragoza. El lema ha sido \u00abDesde el coraz\u00f3n\u00bb de Dios, en concordancia con el A\u00f1o de la Misericordia que est\u00e1 a punto de comenzar. Para ello he compuesto una canci\u00f3n que lleva ese mismo t\u00edtulo y que espero grabar en breve con el coro del colegio.<\/p>\n<p class=\"wp-caption-dd\">Ha sido un trabajo muy intenso. \u00a1Hay tantas cosas que preparar! Pero merece la pena. Muy apasionante el comenzar en una zona nueva, Ballobar. Y la alegr\u00eda de mi vida: aqu\u00ed, en la foto, mis hijos, con su grupo \u00abY Chord\u00bb, iniciando los conciertos en Huesca. Tocaron sus propias canciones, entre ellas \u00abAmo de tu destino\u00bb, donde invitan a otros chavales como ellos a tomarse en serio el ser, como la frase que alent\u00f3 a Nelson Mandela durante a\u00f1os, \u00abel capit\u00e1n de tu propia alma\u00bb.<\/p>\n<p class=\"wp-caption-dd\">Los posibles beneficios ser\u00e1n para contribuir a trav\u00e9s de C\u00e1ritas a ayudar a los refugiados sirios.<\/p>\n<p class=\"wp-caption-dd\">Desde aqu\u00ed quiero agradecer el apoyo de muchas personas\u00a0a nuestra Asociaci\u00f3n EsperanzARTE de artistas y creativos cristianos: el equipo directivo de mi colegio, Cristo Rey-Escolapios; Rafa Gallego, Juan Calvete\u00a0(Colegio San Viator) y todo el equipo de Huesca; Reyes Pascual, Rafael Carrasquer y todo el equipo de Ballobar; Santi Aparicio y Lorena Ruano junto a la comunidad parroquial de Santa Mar\u00eda (Montecanal, Zaragoza); Ra\u00fal Revilla y el resto de capellanes de la c\u00e1rcel de Zuera; mis hermanos en este ministerio:\u00a0Gabriel Guti\u00e9rrez (Kikote), Unai Quir\u00f3s, Javi S\u00e1nchez, el grupo Voces y Guitarras&#8230;; y, sobre todo, mi mujer y mis hijos que me aguantan tantas horas coordinando este servicio pastoral.<\/p>\n<p class=\"wp-caption-dd\">\u00a1Gracias, Se\u00f1or, por la m\u00fasica y por poder ser, un poquito, un trovador del evangelio!<\/p>\n<p class=\"wp-caption-dd\">Si quer\u00e9is ver m\u00e1s fotos, visitad la p\u00e1gina del EsperanzARTE: <a href=\"http:\/\/www.esperanzarte.com\" target=\"_blank\">www.esperanzarte.com<\/a><\/p>\n","protected":false},"excerpt":{"rendered":"<p>Hemos acabado los \u00faltimos conciertos del Festival EsperanzARTE 2015, en los que hemos podido cantar ante m\u00e1s de dos mil personas en la c\u00e1rcel de Zuera, en colegios de Huesca, y en las parroquias de Ballobar y Zaragoza. El lema ha sido \u00abDesde el coraz\u00f3n\u00bb de Dios, en concordancia con el A\u00f1o de la Misericordia que est\u00e1 a punto de comenzar. Para ello he compuesto una canci\u00f3n que lleva ese mismo t\u00edtulo y que espero grabar en breve con el coro del colegio. Ha sido un trabajo muy intenso. \u00a1Hay tantas cosas que preparar! Pero merece la pena. Muy apasionante\u2026 <a class=\"continue-reading-link\" href=\"https:\/\/alcierzo.com\/?p=1610\">Seguir leyendo&#8230;<\/a><\/p>\n","protected":false},"author":2,"featured_media":1611,"comment_status":"open","ping_status":"open","sticky":false,"template":"","format":"standard","meta":{"_jetpack_memberships_contains_paid_content":false,"footnotes":"","jetpack_publicize_message":"","jetpack_publicize_feature_enabled":true,"jetpack_social_post_already_shared":false,"jetpack_social_options":{"image_generator_settings":{"template":"highway","default_image_id":0,"font":"","enabled":false},"version":2}},"categories":[295,236],"tags":[297,259,298],"class_list":["post-1610","post","type-post","status-publish","format-standard","has-post-thumbnail","hentry","category-esperanzarte","category-mis-canciones","tag-esperanzarte","tag-evangelizacion","tag-musica"],"jetpack_publicize_connections":[],"jetpack_featured_media_url":"https:\/\/alcierzo.com\/wp-content\/uploads\/2015\/11\/2015_11_13_9228JYS.jpg","jetpack_sharing_enabled":true,"post_mailing_queue_ids":[],"_links":{"self":[{"href":"https:\/\/alcierzo.com\/index.php?rest_route=\/wp\/v2\/posts\/1610","targetHints":{"allow":["GET"]}}],"collection":[{"href":"https:\/\/alcierzo.com\/index.php?rest_route=\/wp\/v2\/posts"}],"about":[{"href":"https:\/\/alcierzo.com\/index.php?rest_route=\/wp\/v2\/types\/post"}],"author":[{"embeddable":true,"href":"https:\/\/alcierzo.com\/index.php?rest_route=\/wp\/v2\/users\/2"}],"replies":[{"embeddable":true,"href":"https:\/\/alcierzo.com\/index.php?rest_route=%2Fwp%2Fv2%2Fcomments&post=1610"}],"version-history":[{"count":8,"href":"https:\/\/alcierzo.com\/index.php?rest_route=\/wp\/v2\/posts\/1610\/revisions"}],"predecessor-version":[{"id":1619,"href":"https:\/\/alcierzo.com\/index.php?rest_route=\/wp\/v2\/posts\/1610\/revisions\/1619"}],"wp:featuredmedia":[{"embeddable":true,"href":"https:\/\/alcierzo.com\/index.php?rest_route=\/wp\/v2\/media\/1611"}],"wp:attachment":[{"href":"https:\/\/alcierzo.com\/index.php?rest_route=%2Fwp%2Fv2%2Fmedia&parent=1610"}],"wp:term":[{"taxonomy":"category","embeddable":true,"href":"https:\/\/alcierzo.com\/index.php?rest_route=%2Fwp%2Fv2%2Fcategories&post=1610"},{"taxonomy":"post_tag","embeddable":true,"href":"https:\/\/alcierzo.com\/index.php?rest_route=%2Fwp%2Fv2%2Ftags&post=1610"}],"curies":[{"name":"wp","href":"https:\/\/api.w.org\/{rel}","templated":true}]}}