{"id":1724,"date":"2016-03-27T22:54:45","date_gmt":"2016-03-27T22:54:45","guid":{"rendered":"http:\/\/alcierzo.com\/?p=1724"},"modified":"2016-03-28T10:36:24","modified_gmt":"2016-03-28T10:36:24","slug":"resiliencia-pascual","status":"publish","type":"post","link":"https:\/\/alcierzo.com\/?p=1724","title":{"rendered":"Resiliencia pascual"},"content":{"rendered":"<p><a href=\"https:\/\/alcierzo.com\/wp-content\/uploads\/2016\/03\/IMG-20160327-WA0004.jpg\"><img loading=\"lazy\" decoding=\"async\" class=\"size-medium wp-image-1725 alignleft\" src=\"https:\/\/alcierzo.com\/wp-content\/uploads\/2016\/03\/IMG-20160327-WA0004-300x191.jpg\" alt=\"IMG-20160327-WA0004\" width=\"300\" height=\"191\" srcset=\"https:\/\/alcierzo.com\/wp-content\/uploads\/2016\/03\/IMG-20160327-WA0004-300x191.jpg 300w, https:\/\/alcierzo.com\/wp-content\/uploads\/2016\/03\/IMG-20160327-WA0004-283x180.jpg 283w, https:\/\/alcierzo.com\/wp-content\/uploads\/2016\/03\/IMG-20160327-WA0004-150x95.jpg 150w, https:\/\/alcierzo.com\/wp-content\/uploads\/2016\/03\/IMG-20160327-WA0004.jpg 800w\" sizes=\"auto, (max-width: 300px) 100vw, 300px\" \/><\/a>Semana Santa en mi pueblo, Sari\u00f1ena. Escucho, abro los ojos, buscando signos de luz, la vida que alienta: Pilar me comparte su camino de esperanza junto a su hija con una enfermedad rara; Antonio me habla de la valent\u00eda de su hijo al dar testimonio en la Televisi\u00f3n de Arag\u00f3n por la ayuda que reciben del Proyecto Hombre todos los que est\u00e1n intentando salir de la drogadicci\u00f3n; veo a mi ahijada\u00a0feliz junto a su hija tras dos abortos; Vicente se reinventa para seguir viviend<span class=\"text_exposed_show\">o tras la p\u00e9rdida de su esposa y encuentra en sus nietos la fuerza para sonre\u00edr; una peque\u00f1a empresa cooperativa ofrece un puesto de trabajo tras a\u00f1os de supervivencia pura y dura; Simon\u00e9 saca fuerzas de flaqueza y hace su oraci\u00f3n ante un altarcito con decenas de im\u00e1genes de Mar\u00eda y los\u00a0santos que muchos ancianos le han ido confiando a lo largo de los a\u00f1os para que no acabaran en la basura cuando murieran; Sara sigue con paciencia educando a su hija adolescente y en plena rebeld\u00eda; en pleno inicio de la primavera, Manolo no puede cuidar su huerto\u00a0por una fuerte lumbalgia, pero un vecino m\u00e1s anciano que \u00e9l se lo cuida hasta que se reponga; las cig\u00fce\u00f1as han vuelto a hacer los nidos en las dos torres del pueblo tras ser echadas de all\u00ed por reparaciones&#8230;<br \/>\n<\/span><span class=\"text_exposed_show\">Cristo resucita en cada intento de no dejarse abatir por la adversidad, en la terca esperanza. Hoy lo llaman resiliencia.\u00a0\u00a1Feliz Pascua!<\/span><\/p>\n","protected":false},"excerpt":{"rendered":"<p>Semana Santa en mi pueblo, Sari\u00f1ena. Escucho, abro los ojos, buscando signos de luz, la vida que alienta: Pilar me comparte su camino de esperanza junto a su hija con una enfermedad rara; Antonio me habla de la valent\u00eda de su hijo al dar testimonio en la Televisi\u00f3n de Arag\u00f3n por la ayuda que reciben del Proyecto Hombre todos los que est\u00e1n intentando salir de la drogadicci\u00f3n; veo a mi ahijada\u00a0feliz junto a su hija tras dos abortos; Vicente se reinventa para seguir viviendo tras la p\u00e9rdida de su esposa y encuentra en sus nietos la fuerza para sonre\u00edr; una\u2026 <a class=\"continue-reading-link\" href=\"https:\/\/alcierzo.com\/?p=1724\">Seguir leyendo&#8230;<\/a><\/p>\n","protected":false},"author":2,"featured_media":1725,"comment_status":"open","ping_status":"open","sticky":false,"template":"","format":"standard","meta":{"_jetpack_memberships_contains_paid_content":false,"footnotes":"","jetpack_publicize_message":"","jetpack_publicize_feature_enabled":true,"jetpack_social_post_already_shared":false,"jetpack_social_options":{"image_generator_settings":{"template":"highway","default_image_id":0,"font":"","enabled":false},"version":2}},"categories":[171,141,159],"tags":[340,339,341,338],"class_list":["post-1724","post","type-post","status-publish","format-standard","has-post-thumbnail","hentry","category-espiritualidad","category-sarinena","category-vida","tag-esperanza","tag-pascua","tag-resiliencia","tag-sarinena"],"jetpack_publicize_connections":[],"jetpack_featured_media_url":"https:\/\/alcierzo.com\/wp-content\/uploads\/2016\/03\/IMG-20160327-WA0004.jpg","jetpack_sharing_enabled":true,"post_mailing_queue_ids":[],"_links":{"self":[{"href":"https:\/\/alcierzo.com\/index.php?rest_route=\/wp\/v2\/posts\/1724","targetHints":{"allow":["GET"]}}],"collection":[{"href":"https:\/\/alcierzo.com\/index.php?rest_route=\/wp\/v2\/posts"}],"about":[{"href":"https:\/\/alcierzo.com\/index.php?rest_route=\/wp\/v2\/types\/post"}],"author":[{"embeddable":true,"href":"https:\/\/alcierzo.com\/index.php?rest_route=\/wp\/v2\/users\/2"}],"replies":[{"embeddable":true,"href":"https:\/\/alcierzo.com\/index.php?rest_route=%2Fwp%2Fv2%2Fcomments&post=1724"}],"version-history":[{"count":1,"href":"https:\/\/alcierzo.com\/index.php?rest_route=\/wp\/v2\/posts\/1724\/revisions"}],"predecessor-version":[{"id":1726,"href":"https:\/\/alcierzo.com\/index.php?rest_route=\/wp\/v2\/posts\/1724\/revisions\/1726"}],"wp:featuredmedia":[{"embeddable":true,"href":"https:\/\/alcierzo.com\/index.php?rest_route=\/wp\/v2\/media\/1725"}],"wp:attachment":[{"href":"https:\/\/alcierzo.com\/index.php?rest_route=%2Fwp%2Fv2%2Fmedia&parent=1724"}],"wp:term":[{"taxonomy":"category","embeddable":true,"href":"https:\/\/alcierzo.com\/index.php?rest_route=%2Fwp%2Fv2%2Fcategories&post=1724"},{"taxonomy":"post_tag","embeddable":true,"href":"https:\/\/alcierzo.com\/index.php?rest_route=%2Fwp%2Fv2%2Ftags&post=1724"}],"curies":[{"name":"wp","href":"https:\/\/api.w.org\/{rel}","templated":true}]}}