{"id":1920,"date":"2017-04-30T08:50:35","date_gmt":"2017-04-30T08:50:35","guid":{"rendered":"http:\/\/alcierzo.com\/?p=1920"},"modified":"2017-05-07T09:24:40","modified_gmt":"2017-05-07T09:24:40","slug":"concepcion-martin-una-activista-espanola-ante-la-casa-blanca","status":"publish","type":"post","link":"https:\/\/alcierzo.com\/?p=1920","title":{"rendered":"Concepci\u00f3n Mart\u00edn, una activista espa\u00f1ola ante la Casa Blanca"},"content":{"rendered":"<p><a href=\"https:\/\/alcierzo.com\/wp-content\/uploads\/2017\/05\/Concepci\u00f3n-Mart\u00edn-alcierzo.jpg\"><img loading=\"lazy\" decoding=\"async\" class=\"size-medium wp-image-1921 alignleft\" src=\"https:\/\/alcierzo.com\/wp-content\/uploads\/2017\/05\/Concepci\u00f3n-Mart\u00edn-alcierzo-300x169.jpg\" alt=\"Concepci\u00f3n Mart\u00edn-alcierzo\" width=\"300\" height=\"169\" srcset=\"https:\/\/alcierzo.com\/wp-content\/uploads\/2017\/05\/Concepci\u00f3n-Mart\u00edn-alcierzo-300x169.jpg 300w, https:\/\/alcierzo.com\/wp-content\/uploads\/2017\/05\/Concepci\u00f3n-Mart\u00edn-alcierzo-768x432.jpg 768w, https:\/\/alcierzo.com\/wp-content\/uploads\/2017\/05\/Concepci\u00f3n-Mart\u00edn-alcierzo-1024x576.jpg 1024w, https:\/\/alcierzo.com\/wp-content\/uploads\/2017\/05\/Concepci\u00f3n-Mart\u00edn-alcierzo-150x84.jpg 150w\" sizes=\"auto, (max-width: 300px) 100vw, 300px\" \/><\/a>Ahora que la era Trump cumple sus 100 primeros\u00a0d\u00edas, quiero homenajear a mis hermanos, el pueblo estadounidense que resiste el empuje de todo lo que Trump significa. Y, para ello, nada mejor que celebrar la vida de una mujer asombrosa y desconocida, una verdadera santa laica que muri\u00f3 el a\u00f1o pasado.<\/p>\n<p>En el verano de 2013, en nuestra visita a Washington, pude hablar un momentito con Concepci\u00f3n Mart\u00edn y\u00a0le tom\u00e9 una foto. Era una activista que llevaba la friolera de 32 a\u00f1os \u00abacampando\u00bb cada d\u00eda frente a la Casa Blanca para protestar por la proliferaci\u00f3n de las armas nucleares, la invasi\u00f3n de Israel de los territorios palestinos y otras causas.<\/p>\n<p>Concepci\u00f3n Mart\u00edn, tambi\u00e9n conocida como Conchita o Connie (Vigo, 15 de enero de 1936 \u2013 Washington D. C., 25 de enero de 2016), fue una activista y pacifista espa\u00f1ola que desde el 1 de agosto de 1981 se manifest\u00f3 ininterrumpidamente en Lafayette Square (Washington D. C.), enfrente de la Casa Blanca en su campamento de la paz, en protesta por la proliferaci\u00f3n de las armas nucleares. Dicho acto es la protesta pol\u00edtica m\u00e1s larga en la historia de los Estados Unidos.<\/p>\n<p>Naci\u00f3 en Vigo (Espa\u00f1a) y emigr\u00f3 a los Estados Unidos a los 18 a\u00f1os. Durante los primeros a\u00f1os en los Estados Unidos trabaj\u00f3 en el consulado espa\u00f1ol de Nueva York. Durante su estancia en Nueva York se enamor\u00f3 de un hombre de negocios italiano y se cas\u00f3 con \u00e9l a los 21 a\u00f1os, adoptando su apellido, Picciotto. Sin embargo, tras una batalla legal durante el divorcio en 1974, Concepci\u00f3n perdi\u00f3 la custodia de su hija, adem\u00e1s de su casa y de su trabajo en el consulado. A partir entonces comenz\u00f3 una batalla legal por recuperar la custodia de su hija, que se transform\u00f3 en una batalla contra el sistema legal estadounidense y, finalmente, en una protesta contra el gobierno de los Estados Unidos.<\/p>\n<p>El 23 de enero de 1981, influenciada por el activista William Thomas (fallecido en 2009), Concepci\u00f3n Mart\u00edn comienza su protesta en la acera situada junto a la valla de la Casa Blanca, delante del n\u00famero 1600 de Pennsylvania Avenue. Su protesta se inicia por la nueva legislaci\u00f3n sobre el Servicio de Parques Nacionales de Estados Unidos e intensifica sus protestas durante los desfiles organizados en los aleda\u00f1os de la Casa Blanca. Debido a estas protestas Concepci\u00f3n fue condenada a 90 d\u00edas de c\u00e1rcel.<\/p>\n<p><a href=\"https:\/\/alcierzo.com\/wp-content\/uploads\/2017\/05\/concepcionmartin.jpg\"><img loading=\"lazy\" decoding=\"async\" class=\"size-medium wp-image-1922 alignleft\" src=\"https:\/\/alcierzo.com\/wp-content\/uploads\/2017\/05\/concepcionmartin-300x200.jpg\" alt=\"concepcionmartin\" width=\"300\" height=\"200\" srcset=\"https:\/\/alcierzo.com\/wp-content\/uploads\/2017\/05\/concepcionmartin-300x200.jpg 300w, https:\/\/alcierzo.com\/wp-content\/uploads\/2017\/05\/concepcionmartin-270x180.jpg 270w, https:\/\/alcierzo.com\/wp-content\/uploads\/2017\/05\/concepcionmartin-150x100.jpg 150w, https:\/\/alcierzo.com\/wp-content\/uploads\/2017\/05\/concepcionmartin.jpg 600w\" sizes=\"auto, (max-width: 300px) 100vw, 300px\" \/><\/a>Concepci\u00f3n Mart\u00edn residi\u00f3 en la Casa de la Paz en Washington D. C. junto a otros activistas y pacifistas; dicha vivienda fue heredada por la activista y pacifista Ellen Thomas cuando falleci\u00f3 su marido William Thomas. En la Casa de la Paz, conocida tambi\u00e9n como <em>Occupy Peace House<\/em> o Embajada de los Pueblos, residen activistas pol\u00edticos y pacifistas; en la actualidad la vivienda funciona como un hogar de acogida para activistas y pacifistas (tanto estadounidenses como del resto del mundo). El 25 de enero del a\u00f1o 2016, Concepci\u00f3n fallece en el refugio para personas sin hogar N. Street Village de Washington D. C..22. Concepci\u00f3n Picciotto apareci\u00f3 en el a\u00f1o 2004 en la pel\u00edcula-documental de Michael Moore Fahrenheit 9\/11.<span id=\"Referencias\" class=\"mw-headline\"><span style=\"color: #000000;\"><br \/>\n<\/span><\/span><\/p>\n<h2><span id=\"CITAREF\" class=\"citation publicaci\u00f3n\"><span style=\"color: #000000;\"><span class=\"reference-accessdate\"><strong>Infograf\u00eda<\/strong><br \/>\n<\/span><\/span><\/span><\/h2>\n<div class=\"listaref\">\n<ul>\n<li id=\"cite_note-23\"><span class=\"reference-text\"><span id=\"CITAREF\" class=\"citation publicaci\u00f3n\"><span style=\"color: #000000;\"><span class=\"reference-accessdate\"><span id=\"CITAREF\" class=\"citation publicaci\u00f3n\"><a class=\"external text\" href=\"http:\/\/www.farodevigo.es\/gran-vigo\/2016\/01\/26\/fallece-concepcion-picciotto-viguesa-protesto\/1392521.html\" rel=\"nofollow\">\u00abFallece Concepci\u00f3n Picciotto, la viguesa que protest\u00f3 35 a\u00f1os ante la Casa Blanca\u00bb<\/a><span style=\"color: #000000;\">. <\/span><i><a class=\"external free\" href=\"http:\/\/www.farodevigo.es\/\" rel=\"nofollow\">http:\/\/www.farodevigo.es\/<\/a><\/i><span style=\"color: #000000;\"><span class=\"reference-accessdate\">. <\/span><\/span><\/span><br \/>\n<\/span><\/span><\/span><\/span><\/li>\n<li><span class=\"reference-text\"><span id=\"CITAREF\" class=\"citation publicaci\u00f3n\"><a class=\"external text\" href=\"http:\/\/www.theclinic.cl\/2013\/10\/15\/concepcion-picciotto-la-mujer-que-lleva-mas-de-30-anos-protestando-frente-a-la-casa-blanca\/\" rel=\"nofollow\">\u00abConcepci\u00f3n Picciotto: La mujer que lleva m\u00e1s de 30 a\u00f1os protestando frente a la Casa Blanca\u00bb<\/a><span style=\"color: #000000;\">. <i>www.theclinic.cl<\/i><span class=\"reference-accessdate\">. <\/span><\/span><\/span><\/span><\/li>\n<li id=\"cite_note-6\"><span class=\"reference-text\"><span id=\"CITAREF\" class=\"citation publicaci\u00f3n\"><a class=\"external text\" href=\"http:\/\/poder5.blogspot.com.es\/2011\/04\/concepcion-picciotto-un-ejemplo-para.html\" rel=\"nofollow\">\u00abConcepcion Picciotto: Un ejemplo para los huelguistas\u00bb<\/a><span style=\"color: #000000;\">. <i>poder5.blogspot.com.es<\/i><span class=\"reference-accessdate\">. <\/span><\/span><\/span><\/span><\/li>\n<li id=\"cite_note-7\"><span class=\"reference-text\"><span id=\"CITAREF\" class=\"citation publicaci\u00f3n\"><a class=\"external text\" href=\"http:\/\/elpais.com\/diario\/1991\/03\/02\/ultima\/667868401_850215.html\" rel=\"nofollow\">\u00abConcepci\u00f3n Mart\u00edn 10 a\u00f1os de protesta ante la Casa Blanca\u00bb<\/a><span style=\"color: #000000;\">. <i>elpais.com<\/i><span class=\"reference-accessdate\">. <\/span><\/span><\/span><\/span><\/li>\n<li><span id=\"CITAREF\" class=\"citation publicaci\u00f3n\"><\/span><span class=\"reference-text\"><span id=\"CITAREF\" class=\"citation publicaci\u00f3n\"><a class=\"external text\" href=\"http:\/\/news.google.com\/newspapers?id=gx4aAAAAIBAJ&amp;sjid=1CQEAAAAIBAJ&amp;dq=concepcion-picciotto&amp;pg=6682%2C1398104\" rel=\"nofollow\">\u00abFor some, the vigil isn&#8217;t over yet\u00bb<\/a><span style=\"color: #000000;\">. <i>news.google.com<\/i> <\/span>(en ingl\u00e9s)<span style=\"color: #000000;\"><span class=\"reference-accessdate\">. <\/span><\/span><\/span><\/span><span id=\"CITAREF\" class=\"citation publicaci\u00f3n\"><\/span><\/li>\n<li><span class=\"reference-text\"><span id=\"CITAREF\" class=\"citation publicaci\u00f3n\"><a class=\"external text\" href=\"http:\/\/news.smh.com.au\/breaking-news-world\/washington-protester-who-outlasts-presidents-20090315-8yuk.html\" rel=\"nofollow\">\u00abWashington protester who outlasts presidents\u00bb<\/a><span style=\"color: #000000;\">. <i>news.smh.com.au<\/i> <\/span>(en ingl\u00e9s<\/span><\/span><span id=\"CITAREF\" class=\"citation publicaci\u00f3n\"><\/span><\/li>\n<li><span class=\"reference-text\"><span id=\"CITAREF\" class=\"citation publicaci\u00f3n\">\u00abConcepci\u00f3n Mart\u00edn, pacifista en lucha frente a la Casa Blanca.\u00bb<span style=\"color: #000000;\">. <i>www.blogseitb.com<\/i><span class=\"reference-accessdate\">. <\/span><\/span><\/span><\/span><span id=\"CITAREF\" class=\"citation publicaci\u00f3n\"><span id=\"CITAREF\" class=\"citation publicaci\u00f3n\"><\/span><\/span><\/li>\n<li><span class=\"reference-text\"><span id=\"CITAREF\" class=\"citation publicaci\u00f3n\"><span class=\"reference-text\"><span id=\"CITAREF\" class=\"citation publicaci\u00f3n\"><a class=\"external text\" href=\"https:\/\/www.youtube.com\/watch?v=1S4Or4iUonU\" rel=\"nofollow\">\u00abCruzando EEUU, ruta 66 y mas alla documental\u00bb<\/a><span style=\"color: #000000;\">. <i>www.youtube.com<\/i><span class=\"reference-accessdate\">.<\/span><\/span><\/span><\/span><\/span><\/span><span id=\"CITAREF\" class=\"citation publicaci\u00f3n\"><\/span><\/li>\n<li><span class=\"reference-text\"><span id=\"CITAREF\" class=\"citation publicaci\u00f3n\">\u00abMr. Obama, Welcome to the Neighborhood\u00bb<span style=\"color: #000000;\">. <i>blogs.cqpolitics.com<\/i> <\/span><\/span><\/span><span id=\"CITAREF\" class=\"citation publicaci\u00f3n\"><\/span><\/li>\n<li><span class=\"reference-text\"><span id=\"CITAREF\" class=\"citation publicaci\u00f3n\"><a class=\"external text\" href=\"http:\/\/www.cbc.ca\/world\/story\/2008\/08\/15\/f-washington-peace-protest.html\" rel=\"nofollow\">\u00abCBC News &#8211; World &#8211; Pennsylvania Avenue&#8217;s other famous couple\u00bb<\/a><span style=\"color: #000000;\">. <i>www.cbc.ca<\/i><\/span> <\/span><\/span><span id=\"CITAREF\" class=\"citation publicaci\u00f3n\"><\/span><\/li>\n<li><span class=\"reference-text\"><span id=\"CITAREF\" class=\"citation publicaci\u00f3n\"><a class=\"external text\" href=\"http:\/\/www.washingtonpost.com\/wp-dyn\/content\/article\/2011\/01\/21\/AR2011012105339.html\" rel=\"nofollow\">\u00abWhatever Happened To&#8230; &#8230; the protesters at Lafayette Square park?\u00bb<\/a><span style=\"color: #000000;\">. <i>www.washingtonpost.com<\/i><\/span><\/span><\/span><\/li>\n<li><span class=\"reference-text\"><span id=\"CITAREF\" class=\"citation publicaci\u00f3n\"><a class=\"external text\" href=\"http:\/\/www.washingtonpost.com\/wp-dyn\/content\/article\/2006\/06\/02\/AR2006060201885.html\" rel=\"nofollow\">\u00abA Long Wait for Peace\u00bb<\/a><span style=\"color: #000000;\">. <i>www.washingtonpost.com<\/i><\/span><\/span><\/span><\/li>\n<li><span class=\"reference-text\"><span id=\"CITAREF\" class=\"citation publicaci\u00f3n\"><a class=\"external text\" href=\"https:\/\/www.youtube.com\/watch?v=jeW0qE7yrXs\" rel=\"nofollow\">\u00abConcepci\u00f3n Picciotto sigue su protesta frente a Casa Blanca\u00bb<\/a><span style=\"color: #000000;\">. <i>www.youtube.com<\/i><span class=\"reference-accessdate\">. <\/span><\/span><\/span><\/span><span id=\"CITAREF\" class=\"citation publicaci\u00f3n\"><\/span><\/li>\n<li><span class=\"reference-text\"><span id=\"CITAREF\" class=\"citation publicaci\u00f3n\"><a class=\"external text\" href=\"http:\/\/www.telegrafo.com.ec\/sociedad\/item\/concepcion-picciotto-desafia-a-la-casa-blanca-desde-hace-treinta-anos-24-horas-al-dia.html\" rel=\"nofollow\">\u00abConcepci\u00f3n Picciotto desaf\u00eda a la Casa Blanca desde hace treinta a\u00f1os, 24 horas al d\u00eda\u00bb<\/a><span style=\"color: #000000;\">. <i>www.telegrafo.com.ec<\/i><span class=\"reference-accessdate\">. <\/span><\/span><\/span><\/span><\/li>\n<li>\u00a0<span class=\"reference-text\"><span id=\"CITAREF\" class=\"citation publicaci\u00f3n\"><a class=\"external text\" href=\"http:\/\/www.occupypeacehouse.org\/\" rel=\"nofollow\">\u00abOccupy Peace House\u00bb<\/a><span style=\"color: #000000;\">. <i>www.OccupyPeaceHouse.org<\/i><\/span><\/span><\/span><\/li>\n<li><span class=\"reference-text\"><span id=\"CITAREF\" class=\"citation publicaci\u00f3n\">\u00abFor 30-year peace activist, a new battle\u00bb<span style=\"color: #000000;\">. <i>www.washingtonpost.com<\/i><\/span><\/span><\/span><\/li>\n<li><span class=\"reference-text\"><span id=\"CITAREF\" class=\"citation publicaci\u00f3n\"><a class=\"external text\" href=\"http:\/\/prop1.org\/conchita\/\" rel=\"nofollow\">\u00abMr. President, meet your closest neighbor: Concepcion Picciotto\u00bb<\/a><span style=\"color: #000000;\">. <i>prop1.org\/conchita<\/i><\/span><\/span><\/span><\/li>\n<li>\u00a0<span class=\"reference-text\"><span id=\"CITAREF\" class=\"citation publicaci\u00f3n\"><a class=\"external text\" href=\"https:\/\/www.youtube.com\/watch?v=I0L00-BduDs\" rel=\"nofollow\">\u00abConcepcion Picciotto running the longest act of political protest in the United States\u00bb<\/a><span style=\"color: #000000;\">. <i>www.youtube.com<\/i><\/span><\/span><\/span><\/li>\n<li><span class=\"reference-text\"><span id=\"CITAREF\" class=\"citation publicaci\u00f3n\"><a class=\"external text\" href=\"https:\/\/www.youtube.com\/watch?v=t5mlW-uAF0E\" rel=\"nofollow\">\u00abAnti-War, Anti-Nuclear Weapons Protester Concepci\u00f3n Picciotto at 24-hour White House Protest\u00bb<\/a><span style=\"color: #000000;\">. <i>www.youtube.com<\/i><\/span><\/span><\/span><\/li>\n<li><span class=\"reference-text\"><span id=\"CITAREF\" class=\"citation publicaci\u00f3n\"><a class=\"external text\" href=\"http:\/\/www.farodevigo.es\/gran-vigo\/2013\/09\/14\/obama-desmantela-refugio-vecina-viguesa\/877598.html\" rel=\"nofollow\">\u00abObama desmantela el refugio de su vecina viguesa\u00bb<\/a><span style=\"color: #000000;\">. <i>Faro de Vigo<\/i><span class=\"reference-accessdate\">. <\/span><\/span><\/span><\/span><\/li>\n<li><span class=\"reference-text\"><span id=\"CITAREF\" class=\"citation publicaci\u00f3n\"><a class=\"external text\" href=\"http:\/\/aje.me\/HHwQcE\" rel=\"nofollow\">\u00abThe Oracles of Pennsylvania Avenue\u00bb<\/a><span style=\"color: #000000;\">. <i>aje.me<\/i><\/span><\/span><\/span><\/li>\n<\/ul>\n<\/div>\n<div class=\"listaref\"><\/div>\n","protected":false},"excerpt":{"rendered":"<p>Ahora que la era Trump cumple sus 100 primeros\u00a0d\u00edas, quiero homenajear a mis hermanos, el pueblo estadounidense que resiste el empuje de todo lo que Trump significa. Y, para ello, nada mejor que celebrar la vida de una mujer asombrosa y desconocida, una verdadera santa laica que muri\u00f3 el a\u00f1o pasado. En el verano de 2013, en nuestra visita a Washington, pude hablar un momentito con Concepci\u00f3n Mart\u00edn y\u00a0le tom\u00e9 una foto. Era una activista que llevaba la friolera de 32 a\u00f1os \u00abacampando\u00bb cada d\u00eda frente a la Casa Blanca para protestar por la proliferaci\u00f3n de las armas nucleares, la\u2026 <a class=\"continue-reading-link\" href=\"https:\/\/alcierzo.com\/?p=1920\">Seguir leyendo&#8230;<\/a><\/p>\n","protected":false},"author":2,"featured_media":1922,"comment_status":"open","ping_status":"open","sticky":false,"template":"","format":"standard","meta":{"_jetpack_memberships_contains_paid_content":false,"footnotes":"","jetpack_publicize_message":"","jetpack_publicize_feature_enabled":true,"jetpack_social_post_already_shared":false,"jetpack_social_options":{"image_generator_settings":{"template":"highway","default_image_id":0,"font":"","enabled":false},"version":2}},"categories":[150,128,159],"tags":[423,397],"class_list":["post-1920","post","type-post","status-publish","format-standard","has-post-thumbnail","hentry","category-nueva-york","category-solidaridad","category-vida","tag-concepcion-martin-picciotto","tag-trump"],"jetpack_publicize_connections":[],"jetpack_featured_media_url":"https:\/\/alcierzo.com\/wp-content\/uploads\/2017\/05\/concepcionmartin.jpg","jetpack_sharing_enabled":true,"post_mailing_queue_ids":[],"_links":{"self":[{"href":"https:\/\/alcierzo.com\/index.php?rest_route=\/wp\/v2\/posts\/1920","targetHints":{"allow":["GET"]}}],"collection":[{"href":"https:\/\/alcierzo.com\/index.php?rest_route=\/wp\/v2\/posts"}],"about":[{"href":"https:\/\/alcierzo.com\/index.php?rest_route=\/wp\/v2\/types\/post"}],"author":[{"embeddable":true,"href":"https:\/\/alcierzo.com\/index.php?rest_route=\/wp\/v2\/users\/2"}],"replies":[{"embeddable":true,"href":"https:\/\/alcierzo.com\/index.php?rest_route=%2Fwp%2Fv2%2Fcomments&post=1920"}],"version-history":[{"count":1,"href":"https:\/\/alcierzo.com\/index.php?rest_route=\/wp\/v2\/posts\/1920\/revisions"}],"predecessor-version":[{"id":1923,"href":"https:\/\/alcierzo.com\/index.php?rest_route=\/wp\/v2\/posts\/1920\/revisions\/1923"}],"wp:featuredmedia":[{"embeddable":true,"href":"https:\/\/alcierzo.com\/index.php?rest_route=\/wp\/v2\/media\/1922"}],"wp:attachment":[{"href":"https:\/\/alcierzo.com\/index.php?rest_route=%2Fwp%2Fv2%2Fmedia&parent=1920"}],"wp:term":[{"taxonomy":"category","embeddable":true,"href":"https:\/\/alcierzo.com\/index.php?rest_route=%2Fwp%2Fv2%2Fcategories&post=1920"},{"taxonomy":"post_tag","embeddable":true,"href":"https:\/\/alcierzo.com\/index.php?rest_route=%2Fwp%2Fv2%2Ftags&post=1920"}],"curies":[{"name":"wp","href":"https:\/\/api.w.org\/{rel}","templated":true}]}}