{"id":2175,"date":"2020-03-15T23:48:00","date_gmt":"2020-03-15T23:48:00","guid":{"rendered":"http:\/\/alcierzo.com\/?p=2175"},"modified":"2020-03-16T12:52:46","modified_gmt":"2020-03-16T12:52:46","slug":"el-mundo-una-misa","status":"publish","type":"post","link":"https:\/\/alcierzo.com\/?p=2175","title":{"rendered":"Espa\u00f1a entera, una misa"},"content":{"rendered":"\n<figure class=\"wp-block-image size-large\"><img loading=\"lazy\" decoding=\"async\" width=\"800\" height=\"666\" src=\"https:\/\/alcierzo.com\/wp-content\/uploads\/2020\/03\/Jesucristo-Mujer-Samaritana-Pozo.jpg\" alt=\"\" class=\"wp-image-2176\" srcset=\"https:\/\/alcierzo.com\/wp-content\/uploads\/2020\/03\/Jesucristo-Mujer-Samaritana-Pozo.jpg 800w, https:\/\/alcierzo.com\/wp-content\/uploads\/2020\/03\/Jesucristo-Mujer-Samaritana-Pozo-300x250.jpg 300w, https:\/\/alcierzo.com\/wp-content\/uploads\/2020\/03\/Jesucristo-Mujer-Samaritana-Pozo-768x639.jpg 768w, https:\/\/alcierzo.com\/wp-content\/uploads\/2020\/03\/Jesucristo-Mujer-Samaritana-Pozo-216x180.jpg 216w, https:\/\/alcierzo.com\/wp-content\/uploads\/2020\/03\/Jesucristo-Mujer-Samaritana-Pozo-640x533.jpg 640w, https:\/\/alcierzo.com\/wp-content\/uploads\/2020\/03\/Jesucristo-Mujer-Samaritana-Pozo-150x125.jpg 150w\" sizes=\"auto, (max-width: 800px) 100vw, 800px\" \/><\/figure>\n\n\n\n<p>Nunca hab\u00edamos estado en esta situaci\u00f3n, con las iglesias cerradas para evitar contagios por el coronavirus. Nuestra comunidad local, la iglesia del Esp\u00edritu Santo de la parroquia del Actur, ya lo sugiri\u00f3 as\u00ed antes incluso de que la Conferencia Episcopal Espa\u00f1ola lo anunciara como media general y el Gobierno declarara el estado de Alerta, que tambi\u00e9n lo impide.<\/p>\n\n\n\n<p>As\u00ed que hemos visto la misa de las 10:30 en la 2 de Televisi\u00f3n Espa\u00f1ola&#8230;<\/p>\n\n\n\n<p>El arzobispo de Madrid, Cardenal Osoro, la ha presidido en una peque\u00f1a capilla donde solo estaban cuatro hermanas salesianas -que ayer ten\u00edan planeado celebrar los 75 a\u00f1os de su colegio&#8211;, un di\u00e1cono permanente y el p\u00e1rroco de la zona, adem\u00e1s de todos los t\u00e9cnicos de RTVE.<\/p>\n\n\n\n<p>Ya s\u00e9 que no son d\u00edas de cr\u00edticas innecesarias, pero no puedo dejar de decir esto para que nuestra Iglesia se ponga las pilas. \u00a1Esperamos mucho m\u00e1s de nuestros pastores! La puesta en escena de toda la liturgia, en general, ha sido muy pobre. Un aplauso a las hermanas salesianas, pero estoy seguro de que cualquier cantautor cat\u00f3lico de Madrid, con las debidas medidas de protecci\u00f3n, se habr\u00eda ofrecido a apoyar esta eucarist\u00eda tan importante, seguida hoy por m\u00e1s de dos millones de personas. Dadas las circunstancias, me ha dejado muy triste la poca calidad de la homil\u00eda del Cardenal Osoro, opini\u00f3n compartida por toda mi familia, en especial mis hijos. Ten\u00eda \u00e9l delante, y lo sab\u00eda, la mayor audiencia en la historia de este programa. Pero el serm\u00f3n, que adem\u00e1s estaba basado en un maravilloso pasaje del evangelio, el encuentro de Jes\u00fas con la Samaritana (Juan 4,5-43), ha estado lleno de frases hechas, lugares comunes y agradecimientos repetitivos. Ni el m\u00e1s sencillo lenguaje inclusivo, teniendo en cuenta que delante solo ten\u00eda a cuatro religiosas&#8230; Lo de estar viendo el m\u00f3vil, tras la comuni\u00f3n, para llorar. \u00a1Qu\u00e9 pena! Me emocion\u00e9 mucho m\u00e1s oyendo ayer la arenga del Presidente del Gobierno, Pedro S\u00e1nchez, al anunciar el estado de alarma.<\/p>\n\n\n\n<p>Yo hubiera hablado m\u00e1s al coraz\u00f3n de la gente. En estos momentos, como la Samaritana, todos tenemos una gran sed: sed de salud, sed de libertad, sed de seguridad, sed de abrazos y besos&#8230; Por ello, volvemos nuestros ojos al Se\u00f1or. Solo \u00c9l nos da un agua que sacia toda nuestra sed. Pong\u00e1monos a sus pies, aprovechemos estos d\u00edas para orar m\u00e1s, para leer el evangelio, para volver a ritmos vitales que incluyan un poco de silencio, de meditaci\u00f3n&#8230; Bendigamos al Se\u00f1or al sentarnos a la mesa, con nuestros hijos o familiares, por tener comida en el plato. Acabemos el d\u00eda dando gracias juntos por un d\u00eda m\u00e1s. Pidamos fuerza y salud para todos los profesionales que est\u00e1n en primera l\u00ednea de contagio y siguen al pie del ca\u00f1\u00f3n. Intercedamos por los que est\u00e1n enfermos y necesitan encontrar en Jes\u00fas la fuente de la verdadera Esperanza&#8230;<\/p>\n\n\n\n<p>Hoy, Espa\u00f1a entera ha sido una gran Misa, por muy laica que fuera. Muchos han recibido una Palabra de aliento a trav\u00e9s de los cientos de mensajes de wasap que hemos compartido. Otros han tenido conversaciones con familiares y amigos con los que no hablaban hace tiempo. Un buen grupo de profesionales se han ofrecido a s\u00ed mismos en el altar del servicio con generosidad. Las familias han preparado la mesa, los juegos, la pel\u00edcula o un meme con especial cari\u00f1o. Los artistas han coloreado el d\u00eda de m\u00fasica y risas. Algunos han reprimido sus frustraciones e impaciencias por compasi\u00f3n a los dem\u00e1s&#8230; En todo esto, aletea el Esp\u00edritu del Se\u00f1or. En cada gesto de Amor anda siempre Dios metido.<\/p>\n","protected":false},"excerpt":{"rendered":"<p>Nunca hab\u00edamos estado en esta situaci\u00f3n, con las iglesias cerradas para evitar contagios por el coronavirus. Nuestra comunidad local, la iglesia del Esp\u00edritu Santo de la parroquia del Actur, ya lo sugiri\u00f3 as\u00ed antes incluso de que la Conferencia Episcopal Espa\u00f1ola lo anunciara como media general y el Gobierno declarara el estado de Alerta, que tambi\u00e9n lo impide. As\u00ed que hemos visto la misa de las 10:30 en la 2 de Televisi\u00f3n Espa\u00f1ola&#8230; El arzobispo de Madrid, Cardenal Osoro, la ha presidido en una peque\u00f1a capilla donde solo estaban cuatro hermanas salesianas -que ayer ten\u00edan planeado celebrar los 75 a\u00f1os\u2026 <a class=\"continue-reading-link\" href=\"https:\/\/alcierzo.com\/?p=2175\">Seguir leyendo&#8230;<\/a><\/p>\n","protected":false},"author":2,"featured_media":2176,"comment_status":"open","ping_status":"open","sticky":false,"template":"","format":"standard","meta":{"_jetpack_memberships_contains_paid_content":false,"footnotes":"","jetpack_publicize_message":"","jetpack_publicize_feature_enabled":true,"jetpack_social_post_already_shared":false,"jetpack_social_options":{"image_generator_settings":{"template":"highway","default_image_id":0,"font":"","enabled":false},"version":2}},"categories":[495,300,128,143,159],"tags":[502,496,7,503,504],"class_list":["post-2175","post","type-post","status-publish","format-standard","has-post-thumbnail","hentry","category-coronavirus","category-eclesalia","category-solidaridad","category-teologia","category-vida","tag-cardenal-carlos-osoro","tag-coronavirus","tag-juan-yzuel","tag-misa","tag-rtve"],"jetpack_publicize_connections":[],"jetpack_featured_media_url":"https:\/\/alcierzo.com\/wp-content\/uploads\/2020\/03\/Jesucristo-Mujer-Samaritana-Pozo.jpg","jetpack_sharing_enabled":true,"post_mailing_queue_ids":[],"_links":{"self":[{"href":"https:\/\/alcierzo.com\/index.php?rest_route=\/wp\/v2\/posts\/2175","targetHints":{"allow":["GET"]}}],"collection":[{"href":"https:\/\/alcierzo.com\/index.php?rest_route=\/wp\/v2\/posts"}],"about":[{"href":"https:\/\/alcierzo.com\/index.php?rest_route=\/wp\/v2\/types\/post"}],"author":[{"embeddable":true,"href":"https:\/\/alcierzo.com\/index.php?rest_route=\/wp\/v2\/users\/2"}],"replies":[{"embeddable":true,"href":"https:\/\/alcierzo.com\/index.php?rest_route=%2Fwp%2Fv2%2Fcomments&post=2175"}],"version-history":[{"count":6,"href":"https:\/\/alcierzo.com\/index.php?rest_route=\/wp\/v2\/posts\/2175\/revisions"}],"predecessor-version":[{"id":2183,"href":"https:\/\/alcierzo.com\/index.php?rest_route=\/wp\/v2\/posts\/2175\/revisions\/2183"}],"wp:featuredmedia":[{"embeddable":true,"href":"https:\/\/alcierzo.com\/index.php?rest_route=\/wp\/v2\/media\/2176"}],"wp:attachment":[{"href":"https:\/\/alcierzo.com\/index.php?rest_route=%2Fwp%2Fv2%2Fmedia&parent=2175"}],"wp:term":[{"taxonomy":"category","embeddable":true,"href":"https:\/\/alcierzo.com\/index.php?rest_route=%2Fwp%2Fv2%2Fcategories&post=2175"},{"taxonomy":"post_tag","embeddable":true,"href":"https:\/\/alcierzo.com\/index.php?rest_route=%2Fwp%2Fv2%2Ftags&post=2175"}],"curies":[{"name":"wp","href":"https:\/\/api.w.org\/{rel}","templated":true}]}}