{"id":3134,"date":"2026-01-09T21:25:32","date_gmt":"2026-01-09T20:25:32","guid":{"rendered":"https:\/\/alcierzo.com\/?p=3134"},"modified":"2026-01-11T21:43:20","modified_gmt":"2026-01-11T20:43:20","slug":"venezuela-para-los-venezolanos","status":"publish","type":"post","link":"https:\/\/alcierzo.com\/?p=3134","title":{"rendered":"Venezuela para los venezolanos"},"content":{"rendered":"\n<figure class=\"wp-block-image size-large\"><a href=\"https:\/\/alcierzo.com\/wp-content\/uploads\/2026\/01\/Venezuela.jpg\"><img loading=\"lazy\" decoding=\"async\" width=\"1024\" height=\"576\" src=\"https:\/\/alcierzo.com\/wp-content\/uploads\/2026\/01\/Venezuela-1024x576.jpg\" alt=\"\" class=\"wp-image-3135\" srcset=\"https:\/\/alcierzo.com\/wp-content\/uploads\/2026\/01\/Venezuela-1024x576.jpg 1024w, https:\/\/alcierzo.com\/wp-content\/uploads\/2026\/01\/Venezuela-300x169.jpg 300w, https:\/\/alcierzo.com\/wp-content\/uploads\/2026\/01\/Venezuela-768x432.jpg 768w, https:\/\/alcierzo.com\/wp-content\/uploads\/2026\/01\/Venezuela-150x84.jpg 150w, https:\/\/alcierzo.com\/wp-content\/uploads\/2026\/01\/Venezuela.jpg 1120w\" sizes=\"auto, (max-width: 1024px) 100vw, 1024px\" \/><\/a><\/figure>\n\n\n\n<p>Es evidente que Venezuela no era la semana pasada una democracia, que Maduro segu\u00eda de presidente sin haber ganado las \u00faltimas elecciones. Pero tambi\u00e9n que Trump no tiene ning\u00fan inter\u00e9s en establecer la democracia en el pa\u00eds sudamericano, m\u00e1xime cuando \u00e9l mismo no entiende bien qu\u00e9 es la democracia. Su \u00fanico inter\u00e9s es el expansionismo estadounidense en la regi\u00f3n, apropi\u00e1ndose de cuantos bienes le interesan. Por ello creo que hay que luchar con todas las fuerzas contra este nueva tiran\u00eda del m\u00e1s fuerte. <\/p>\n\n\n\n<p>Me uno a la declaraci\u00f3n de la Asociaci\u00f3n de te\u00f3logos y te\u00f3logas Juan XXIII a la que pertenezco.<\/p>\n\n\n\n<p><\/p>\n\n\n\n<p class=\"has-text-align-center has-medium-font-size\"><strong>DECLARACI\u00d3N DE LA ASOCIACI\u00d3N DE TE\u00d3LOGAS Y TE\u00d3LOGOS JUAN XXIII CONTRA LA INTERVENCI\u00d3N MILITAR DE TRUMP EN VENEZUELA<\/strong><\/p>\n\n\n\n<p>La Asociaci\u00f3n de Te\u00f3logas y Te\u00f3logos Juan XXIII quiere mostrar su indignaci\u00f3n y su m\u00e1s en\u00e9rgica condena por la agresi\u00f3n militar imperialista del presidente de Estados Unidos, Donald Trump, contra el Gobierno y el pueblo de Venezuela.<\/p>\n\n\n\n<p>1. La agresi\u00f3n militar constituye una grav\u00edsima violaci\u00f3n del Derecho Internacional, de la soberan\u00eda nacional de Venezuela, de los derechos humanos, de la paz mundial y de los principios fundamentales de la \u00e9tica pol\u00edtica y de la relaci\u00f3n arm\u00f3nica entre los pueblos. Ha llevado a cabo el secuestro del presidente de Venezuela, Nicol\u00e1s Maduro, y de su esposa, Cilia Flores, as\u00ed como el asesinato de decenas de personas, las heridas de otras, el ataque a diferentes infraestructuras y la desestabilizaci\u00f3n en la regi\u00f3n.<\/p>\n\n\n\n<p>2. El objetivo de la intervenci\u00f3n militar no ha sido la defensa de la democracia, sino la apropiaci\u00f3n del mercado de petr\u00f3leo de Venezuela, uno de los m\u00e1s ricos del mundo, como expres\u00f3 con todo descaro Trump en el discurso en el que pretend\u00eda justificar el golpe y ha exigido a la nueva presidenta.<\/p>\n\n\n\n<p>3. Consideramos inaceptable la amenaza de Trump de aplicar su pol\u00edtica imperialista a otros pa\u00edses latinoamericanos como Cuba, Colombia y M\u00e9xico, siguiendo la Doctrina Monroe, continuando con el largo historial de golpes de Estado que Estados Unidos viene practicando en el mundo y haciendo saltar por los aires la paz en toda Am\u00e9rica Latina.<\/p>\n\n\n\n<p>4. Denunciamos la pol\u00edtica imperialista y colonial de Trump que constituye la negaci\u00f3n de la soberan\u00eda de los pueblos, el rechazo del multilateralismo en las relaciones internacionales, la injerencia en los problemas de otros pa\u00edses y el recurso a la violencia para su dominaci\u00f3n. &nbsp;<\/p>\n\n\n\n<p>5. Reconocemos que Venezuela viene atravesando una situaci\u00f3n pol\u00edtica, econ\u00f3mica y social profundamente cr\u00edtica, una falta de respeto a los derechos humanos y de transparencia en las \u00faltimas elecciones. Dichos problemas tienen que resolverlos los propios venezolanos, pero en ning\u00fan caso por medio de una agresi\u00f3n militar del Imperio, como ha sucedido.<\/p>\n\n\n\n<p>6. Exigimos:<\/p>\n\n\n\n<p>&#8211; El respeto de Trump al Derecho Internacional.<\/p>\n\n\n\n<p>&#8211; La retirada de Estados Unidos del territorio de Venezuela.&nbsp;<\/p>\n\n\n\n<p>&#8211; La inmediata liberaci\u00f3n de Nicol\u00e1s Maduro y de su esposa Cilia Flores.<\/p>\n\n\n\n<p>&#8211; El restablecimiento del Gobierno de Venezuela.<\/p>\n\n\n\n<p>&#8211; La devoluci\u00f3n de la soberan\u00eda al pueblo venezolano. &nbsp;<\/p>\n\n\n\n<p>&#8211; La apuesta por el multilateralismo en las relaciones internacionales frente al imperialismo.<\/p>\n\n\n\n<p>\u00a0&#8211; La renuncia de Estados Unidos a sus pol\u00edticas imperialistas y colonialistas.<\/p>\n\n\n\n<p>\u00a0&#8211; La defensa de la democracia frente a la autocracia.<\/p>\n\n\n\n<p>&nbsp;&nbsp;&nbsp;&nbsp;&nbsp;&nbsp;&nbsp;&nbsp;&nbsp;&nbsp;&nbsp; 7. &nbsp;Las condenas y las propuestas alternativas anteriores se inspiran en las denuncias y las propuestas de Jes\u00fas de Nazaret: \u201cSab\u00e9is que los que son temidos como jefes de las naciones, las dominan como se\u00f1ores absolutos y sus grandes las oprimen con su poder. Pero no ha de ser as\u00ed entre vosotros, sino el que quiera llegara a ser grande entre vosotros, ser\u00e1 vuestro servidor, y el que quiera ser primero entre vosotros, ser\u00e1 servidor de todos\u201d (Evangelio de Marcos 10.42-45). &nbsp;<\/p>\n\n\n\n<p>8. Frente al recurso a la violencia como forma de dominaci\u00f3n de los pueblos, proponemos caminos de paz y de justicia bajo la inspiraci\u00f3n de algunos textos b\u00edblicos que nos marcan la senda. El salmo 85,11 afirma: \u201cel amor y la verdad se dan cita, la paz y la justicia se besan\u201d (Salmo 85,11). El profeta Isa\u00edas presenta \u201cla paz fruto de la justicia\u201d (Isa\u00edas 32,17). Jes\u00fas de Nazaret declara \u201cbienaventurados y bienaventuradas a quienes trabajan por la paz\u201d (Evangelio de Mateo 5,9) y deja el siguiente mensaje a sus seguidores y seguidoras, extensible a los hombres y mujeres de buena voluntad, para que lo pongan en pr\u00e1ctica: \u201cLa paz os dejo, mi paz os doy, pero no os la doy como os la da el mundo\u201d (Evangelio de Juan 14, 27).&nbsp;<\/p>\n\n\n\n<p>9. Estas propuestas coinciden con las de las personas y los colectivos comprometidos en la b\u00fasqueda de caminos de paz y de justicia en la resoluci\u00f3n de los conflictos. Con sus pr\u00e1cticas imperialistas y golpistas, Trump, que se declara verbalmente cristiano, demuestra lo alejado que se encuentra del ideal prof\u00e9tico y jesu\u00e1nico de la paz y la justicia. Por eso denunciamos y condenamos su agresi\u00f3n militar contra Venezuela, as\u00ed como otras actuaciones opresoras contra las personas vulnerables, los colectivos empobrecidos y los pueblos oprimidos cuyos derechos pisotea.<\/p>\n\n\n\n<p>10. Desde la \u00e9tica pol\u00edtica y la fe cristiana no podemos permanecer callados ante tama\u00f1a violaci\u00f3n del Derecho Internacional, que golpea a toda la Humanidad. Por eso hemos decidido hacer p\u00fablica esta declaraci\u00f3n.<\/p>\n\n\n\n<p>6 de enero de 2026<\/p>\n","protected":false},"excerpt":{"rendered":"<p>Es evidente que Venezuela no era la semana pasada una democracia, que Maduro segu\u00eda de presidente sin haber ganado las \u00faltimas elecciones. Pero tambi\u00e9n que Trump no tiene ning\u00fan inter\u00e9s en establecer la democracia en el pa\u00eds sudamericano, m\u00e1xime cuando \u00e9l mismo no entiende bien qu\u00e9 es la democracia. Su \u00fanico inter\u00e9s es el expansionismo estadounidense en la regi\u00f3n, apropi\u00e1ndose de cuantos bienes le interesan. Por ello creo que hay que luchar con todas las fuerzas contra este nueva tiran\u00eda del m\u00e1s fuerte. Me uno a la declaraci\u00f3n de la Asociaci\u00f3n de te\u00f3logos y te\u00f3logas Juan XXIII a la que\u2026 <a class=\"continue-reading-link\" href=\"https:\/\/alcierzo.com\/?p=3134\">Seguir leyendo&#8230;<\/a><\/p>\n","protected":false},"author":2,"featured_media":3135,"comment_status":"open","ping_status":"open","sticky":false,"template":"","format":"standard","meta":{"_jetpack_memberships_contains_paid_content":false,"footnotes":"","jetpack_publicize_message":"","jetpack_publicize_feature_enabled":true,"jetpack_social_post_already_shared":true,"jetpack_social_options":{"image_generator_settings":{"template":"highway","default_image_id":0,"font":"","enabled":false},"version":2}},"categories":[169,147],"tags":[553,32,260,397,663],"class_list":["post-3134","post","type-post","status-publish","format-standard","has-post-thumbnail","hentry","category-derechos-humanos","category-historia","tag-democracia","tag-derechos-humanos","tag-paz","tag-trump","tag-venezuela"],"jetpack_publicize_connections":[],"jetpack_featured_media_url":"https:\/\/alcierzo.com\/wp-content\/uploads\/2026\/01\/Venezuela.jpg","jetpack_sharing_enabled":true,"post_mailing_queue_ids":[],"_links":{"self":[{"href":"https:\/\/alcierzo.com\/index.php?rest_route=\/wp\/v2\/posts\/3134","targetHints":{"allow":["GET"]}}],"collection":[{"href":"https:\/\/alcierzo.com\/index.php?rest_route=\/wp\/v2\/posts"}],"about":[{"href":"https:\/\/alcierzo.com\/index.php?rest_route=\/wp\/v2\/types\/post"}],"author":[{"embeddable":true,"href":"https:\/\/alcierzo.com\/index.php?rest_route=\/wp\/v2\/users\/2"}],"replies":[{"embeddable":true,"href":"https:\/\/alcierzo.com\/index.php?rest_route=%2Fwp%2Fv2%2Fcomments&post=3134"}],"version-history":[{"count":1,"href":"https:\/\/alcierzo.com\/index.php?rest_route=\/wp\/v2\/posts\/3134\/revisions"}],"predecessor-version":[{"id":3136,"href":"https:\/\/alcierzo.com\/index.php?rest_route=\/wp\/v2\/posts\/3134\/revisions\/3136"}],"wp:featuredmedia":[{"embeddable":true,"href":"https:\/\/alcierzo.com\/index.php?rest_route=\/wp\/v2\/media\/3135"}],"wp:attachment":[{"href":"https:\/\/alcierzo.com\/index.php?rest_route=%2Fwp%2Fv2%2Fmedia&parent=3134"}],"wp:term":[{"taxonomy":"category","embeddable":true,"href":"https:\/\/alcierzo.com\/index.php?rest_route=%2Fwp%2Fv2%2Fcategories&post=3134"},{"taxonomy":"post_tag","embeddable":true,"href":"https:\/\/alcierzo.com\/index.php?rest_route=%2Fwp%2Fv2%2Ftags&post=3134"}],"curies":[{"name":"wp","href":"https:\/\/api.w.org\/{rel}","templated":true}]}}