{"id":3138,"date":"2026-01-25T20:40:26","date_gmt":"2026-01-25T19:40:26","guid":{"rendered":"https:\/\/alcierzo.com\/?p=3138"},"modified":"2026-01-25T20:51:26","modified_gmt":"2026-01-25T19:51:26","slug":"gracias-senor-por-la-vida","status":"publish","type":"post","link":"https:\/\/alcierzo.com\/?p=3138","title":{"rendered":"Gracias, Se\u00f1or, por la vida"},"content":{"rendered":"<div class=\"wp-block-image\">\n<figure class=\"aligncenter size-large\"><a href=\"https:\/\/alcierzo.com\/wp-content\/uploads\/2026\/01\/Gracias-Senor-por-la-vida-Juan-Yzuel.jpg\"><img loading=\"lazy\" decoding=\"async\" width=\"1024\" height=\"753\" src=\"https:\/\/alcierzo.com\/wp-content\/uploads\/2026\/01\/Gracias-Senor-por-la-vida-Juan-Yzuel-1024x753.jpg\" alt=\"\" class=\"wp-image-3139\" srcset=\"https:\/\/alcierzo.com\/wp-content\/uploads\/2026\/01\/Gracias-Senor-por-la-vida-Juan-Yzuel-1024x753.jpg 1024w, https:\/\/alcierzo.com\/wp-content\/uploads\/2026\/01\/Gracias-Senor-por-la-vida-Juan-Yzuel-300x221.jpg 300w, https:\/\/alcierzo.com\/wp-content\/uploads\/2026\/01\/Gracias-Senor-por-la-vida-Juan-Yzuel-768x565.jpg 768w, https:\/\/alcierzo.com\/wp-content\/uploads\/2026\/01\/Gracias-Senor-por-la-vida-Juan-Yzuel-245x180.jpg 245w, https:\/\/alcierzo.com\/wp-content\/uploads\/2026\/01\/Gracias-Senor-por-la-vida-Juan-Yzuel-150x110.jpg 150w, https:\/\/alcierzo.com\/wp-content\/uploads\/2026\/01\/Gracias-Senor-por-la-vida-Juan-Yzuel.jpg 1194w\" sizes=\"auto, (max-width: 1024px) 100vw, 1024px\" \/><\/a><\/figure>\n<\/div>\n\n\n<p>Hace a\u00f1os que compuse esta canci\u00f3n, cuando mi madre enferm\u00f3. Es un canto a la Vida, inscrita ya en la Materia desde el primer momento de la Creaci\u00f3n.<\/p>\n\n\n\n<p>Durante meses he ido rascando raticos para preparar este v\u00eddeo que la acompa\u00f1a. Espero que la pod\u00e1is disfrutar. Os pongo debajo la letra.<\/p>\n\n\n\n<figure class=\"wp-block-embed is-type-video is-provider-youtube wp-block-embed-youtube wp-embed-aspect-16-9 wp-has-aspect-ratio\"><div class=\"wp-block-embed__wrapper\">\n<iframe loading=\"lazy\" title=\"Gracias, Se\u00f1or, por la vida.\" width=\"800\" height=\"450\" src=\"https:\/\/www.youtube.com\/embed\/D-lfpYfRhrc?feature=oembed\" frameborder=\"0\" allow=\"accelerometer; autoplay; clipboard-write; encrypted-media; gyroscope; picture-in-picture; web-share\" referrerpolicy=\"strict-origin-when-cross-origin\" allowfullscreen><\/iframe>\n<\/div><\/figure>\n\n\n\n<p class=\"has-text-align-center\"><strong>Gracias, Se\u00f1or, por la vida<\/strong><\/p>\n\n\n\n<p class=\"has-text-align-center\">La Ciencia de hoy en d\u00eda explica as\u00ed<br>el origen de la Creaci\u00f3n:<br>que toda la Materia empez\u00f3 a existir<br>en una Gran Explosi\u00f3n.<\/p>\n\n\n\n<p class=\"has-text-align-center\">Al contemplar el Cosmos, al anochecer,<br>se asombra mi coraz\u00f3n<br>al ver las maravillas de tu Poder<br>que todo el Universo cre\u00f3.<\/p>\n\n\n\n<p class=\"has-text-align-center\"><strong>Gracias, Se\u00f1or, por la vida.<\/strong><br><strong>Gracias por la luz del Sol.<\/strong><br><strong>Gracias por nuestra familia,<\/strong><br><strong>gracias por todo tu Amor.<\/strong><\/p>\n\n\n\n<p class=\"has-text-align-center\">Estrellas y galaxias en expansi\u00f3n,<br>millones de siglos despu\u00e9s,<br>llenaron el Espacio con su color<br>siguiendo fieles tu Ley.<\/p>\n\n\n\n<p class=\"has-text-align-center\">Y comenz\u00f3 en la Tierra<br>Tu plan de Amor,<br>la Vida, que iba a acoger<br>la imagen perfecta del Creador:<br>el Hombre y la Mujer.<\/p>\n\n\n\n<p class=\"has-text-align-center\"><strong>Gracias, Se\u00f1or, por la vida.<\/strong>..<\/p>\n\n\n\n<p class=\"has-text-align-center\">En cada criatura impresa est\u00e1<br>tu huella con exactitud:<br>belleza y armon\u00eda, pasi\u00f3n por ser\u2026<br>\u00a1La fuerza de la vida eres T\u00fa!<\/p>\n\n\n\n<p class=\"has-text-align-center\">Y para regalarnos la Salvaci\u00f3n<br>y la Vida en plenitud,<br>en la noche de los tiempos amaneci\u00f3&#8230;<br>\u00a1nos diste a tu Hijo Jes\u00fas!<\/p>\n\n\n\n<p class=\"has-text-align-center\"><strong>Gracias, Se\u00f1or, por la vida<\/strong>,<br><strong>Gracias por la luz del Sol.<\/strong><br><strong>Gracias por nuestra familia,<\/strong><br><strong>gracias por todo tu Amor.<\/strong><\/p>\n","protected":false},"excerpt":{"rendered":"<p>Hace a\u00f1os que compuse esta canci\u00f3n, cuando mi madre enferm\u00f3. Es un canto a la Vida, inscrita ya en la Materia desde el primer momento de la Creaci\u00f3n. Durante meses he ido rascando raticos para preparar este v\u00eddeo que la acompa\u00f1a. Espero que la pod\u00e1is disfrutar. Os pongo debajo la letra. Gracias, Se\u00f1or, por la vida La Ciencia de hoy en d\u00eda explica as\u00edel origen de la Creaci\u00f3n:que toda la Materia empez\u00f3 a existiren una Gran Explosi\u00f3n. Al contemplar el Cosmos, al anochecer,se asombra mi coraz\u00f3nal ver las maravillas de tu Poderque todo el Universo cre\u00f3. Gracias, Se\u00f1or, por la\u2026 <a class=\"continue-reading-link\" href=\"https:\/\/alcierzo.com\/?p=3138\">Seguir leyendo&#8230;<\/a><\/p>\n","protected":false},"author":2,"featured_media":3139,"comment_status":"open","ping_status":"open","sticky":false,"template":"","format":"standard","meta":{"_jetpack_memberships_contains_paid_content":false,"footnotes":"","jetpack_publicize_message":"","jetpack_publicize_feature_enabled":true,"jetpack_social_post_already_shared":true,"jetpack_social_options":{"image_generator_settings":{"template":"highway","default_image_id":0,"font":"","enabled":false},"version":2}},"categories":[309,299,171,307,159],"tags":[665,7,298],"class_list":["post-3138","post","type-post","status-publish","format-standard","has-post-thumbnail","hentry","category-creando","category-ecologia","category-espiritualidad","category-musica","category-vida","tag-gracias-senor-por-la-vida","tag-juan-yzuel","tag-musica"],"jetpack_publicize_connections":[],"jetpack_featured_media_url":"https:\/\/alcierzo.com\/wp-content\/uploads\/2026\/01\/Gracias-Senor-por-la-vida-Juan-Yzuel.jpg","jetpack_sharing_enabled":true,"post_mailing_queue_ids":[],"_links":{"self":[{"href":"https:\/\/alcierzo.com\/index.php?rest_route=\/wp\/v2\/posts\/3138","targetHints":{"allow":["GET"]}}],"collection":[{"href":"https:\/\/alcierzo.com\/index.php?rest_route=\/wp\/v2\/posts"}],"about":[{"href":"https:\/\/alcierzo.com\/index.php?rest_route=\/wp\/v2\/types\/post"}],"author":[{"embeddable":true,"href":"https:\/\/alcierzo.com\/index.php?rest_route=\/wp\/v2\/users\/2"}],"replies":[{"embeddable":true,"href":"https:\/\/alcierzo.com\/index.php?rest_route=%2Fwp%2Fv2%2Fcomments&post=3138"}],"version-history":[{"count":2,"href":"https:\/\/alcierzo.com\/index.php?rest_route=\/wp\/v2\/posts\/3138\/revisions"}],"predecessor-version":[{"id":3141,"href":"https:\/\/alcierzo.com\/index.php?rest_route=\/wp\/v2\/posts\/3138\/revisions\/3141"}],"wp:featuredmedia":[{"embeddable":true,"href":"https:\/\/alcierzo.com\/index.php?rest_route=\/wp\/v2\/media\/3139"}],"wp:attachment":[{"href":"https:\/\/alcierzo.com\/index.php?rest_route=%2Fwp%2Fv2%2Fmedia&parent=3138"}],"wp:term":[{"taxonomy":"category","embeddable":true,"href":"https:\/\/alcierzo.com\/index.php?rest_route=%2Fwp%2Fv2%2Fcategories&post=3138"},{"taxonomy":"post_tag","embeddable":true,"href":"https:\/\/alcierzo.com\/index.php?rest_route=%2Fwp%2Fv2%2Ftags&post=3138"}],"curies":[{"name":"wp","href":"https:\/\/api.w.org\/{rel}","templated":true}]}}